{"id":111,"date":"2025-12-18T18:22:46","date_gmt":"2025-12-18T18:22:46","guid":{"rendered":"https:\/\/reservai.ai\/blog\/?p=111"},"modified":"2025-12-18T18:37:59","modified_gmt":"2025-12-18T18:37:59","slug":"fim-da-escala-6x1-o-que-muda-de-verdade-para-bares-e-restaurantes","status":"publish","type":"post","link":"https:\/\/reservai.ai\/blog\/fim-da-escala-6x1-o-que-muda-de-verdade-para-bares-e-restaurantes\/","title":{"rendered":"Fim da escala 6&#215;1: o que muda (de verdade) para bares e restaurantes"},"content":{"rendered":"\n<p>O <a href=\"https:\/\/www1.folha.uol.com.br\/mercado\/2025\/12\/brasil-esta-pronto-para-fim-da-escala-6x1-diz-lula.shtml\">debate sobre o <strong>fim da escala 6&#215;1<\/strong><\/a> tem sido tratado, em grande parte, como uma quest\u00e3o exclusivamente trabalhista. Mas para bares e restaurantes, ele representa algo bem mais concreto: <strong>uma mudan\u00e7a estrutural que afeta diretamente o custo da opera\u00e7\u00e3o e a sobreviv\u00eancia do neg\u00f3cio<\/strong>. Em um setor que j\u00e1 convive com margens apertadas, alta carga tribut\u00e1ria e pouca previsibilidade jur\u00eddica, reduzir a jornada sem discutir contrapartidas fiscais n\u00e3o \u00e9 apenas uma decis\u00e3o social, \u00e9 uma escolha econ\u00f4mica que precisa ser feita com base em n\u00fameros, n\u00e3o em discursos.<\/p>\n\n\n\n<hr class=\"wp-block-separator has-alpha-channel-opacity\"\/>\n\n\n\n<h2 class=\"wp-block-heading\">\ud83d\udccc Por que o fim da escala 6&#215;1 virou uma preocupa\u00e7\u00e3o real no setor?<\/h2>\n\n\n\n<p>Nos \u00faltimos meses, o debate sobre o <strong>fim da escala 6&#215;1<\/strong> ganhou for\u00e7a. A proposta parece simples e justa do ponto de vista do trabalhador: mais descanso, mais qualidade de vida, mais equil\u00edbrio. J\u00e1 abordamos <a href=\"https:\/\/reservai.ai\/blog\/fim-da-escala-6x1-impactos-na-economia-e-no-setor-de-bares-e-restaurantes\/\">esse tema em outro artigo<\/a> no Reserv.ai. (Vale a pena a leitura)<\/p>\n\n\n\n<p>Mas para quem est\u00e1 do outro lado do balc\u00e3o \u2014 <strong>donos de bares e restaurantes<\/strong> \u2014 a pergunta inevit\u00e1vel \u00e9:<\/p>\n\n\n\n<blockquote class=\"wp-block-quote is-layout-flow wp-block-quote-is-layout-flow\">\n<p><strong>\u201cComo fechar essa conta?\u201d<\/strong><\/p>\n<\/blockquote>\n\n\n\n<p>Esse setor opera com <strong>margens extremamente apertadas<\/strong>, normalmente entre <strong>10% e 15%<\/strong>, e enfrenta uma das <strong>maiores cargas tribut\u00e1rias do pa\u00eds<\/strong>. Qualquer mudan\u00e7a estrutural na jornada de trabalho, sem ajustes paralelos, gera impacto direto no caixa.<\/p>\n\n\n\n<hr class=\"wp-block-separator has-alpha-channel-opacity\"\/>\n\n\n\n<h2 class=\"wp-block-heading\">Realidade financeira do setor que n\u00e3o est\u00e1 preparado para o fim da escala 6&#215;1<\/h2>\n\n\n\n<p><strong>Antes mesmo de pagar sal\u00e1rios ou apurar lucro, o restaurante j\u00e1 foi tributado.<\/strong><\/p>\n\n\n\n<div style=\"font-family: -apple-system, BlinkMacSystemFont, 'Segoe UI', Roboto, Helvetica, Arial, sans-serif; max-width: 550px; margin: 24px auto; background-color: #111827; border-left: 5px solid #f59e0b; border-radius: 12px; padding: 28px; box-shadow: 0 10px 15px -3px rgba(0, 0, 0, 0.3); color: #ffffff;\">\n  \n  <div style=\"display: flex; align-items: center; margin-bottom: 20px;\">\n    <span style=\"font-size: 20px; margin-right: 12px;\">\u26a0\ufe0f<\/span>\n    <h3 style=\"margin: 0; font-size: 16px; font-weight: 800; text-transform: uppercase; letter-spacing: 0.05em; color: #f9fafb;\">Realidade do setor<\/h3>\n  <\/div>\n\n  <div style=\"display: flex; flex-direction: column; gap: 16px; margin-bottom: 24px;\">\n    \n    <div style=\"display: flex; align-items: flex-start; gap: 12px;\">\n      <div style=\"min-width: 6px; height: 6px; background-color: #f59e0b; border-radius: 50%; margin-top: 8px;\"><\/div>\n      <p style=\"margin: 0; font-size: 15px; color: #e5e7eb; line-height: 1.4;\">Impostos sobre o <strong>faturamento bruto<\/strong><\/p>\n    <\/div>\n\n    <div style=\"display: flex; align-items: flex-start; gap: 12px;\">\n      <div style=\"min-width: 6px; height: 6px; background-color: #f59e0b; border-radius: 50%; margin-top: 8px;\"><\/div>\n      <p style=\"margin: 0; font-size: 15px; color: #e5e7eb; line-height: 1.4;\">Folha de pagamento altamente onerada<\/p>\n    <\/div>\n\n    <div style=\"display: flex; align-items: flex-start; gap: 12px;\">\n      <div style=\"min-width: 6px; height: 6px; background-color: #f59e0b; border-radius: 50%; margin-top: 8px;\"><\/div>\n      <p style=\"margin: 0; font-size: 15px; color: #e5e7eb; line-height: 1.4;\">\n        Margens m\u00e9dias entre <span style=\"background-color: rgba(245, 158, 11, 0.2); color: #fbbf24; padding: 2px 6px; border-radius: 4px; font-weight: 700;\">10% e 15%<\/span>\n      <\/p>\n    <\/div>\n\n  <\/div>\n\n  <div style=\"height: 1px; background-color: #374151; margin-bottom: 20px;\"><\/div>\n\n  <p style=\"margin: 0; color: #9ca3af; font-size: 14px; line-height: 1.6; font-style: italic;\">\n    Na pr\u00e1tica, o <span style=\"color: #f3f4f6; font-weight: 600;\">Estado age como um s\u00f3cio majorit\u00e1rio<\/span> \u2014 sem dividir riscos.\n  <\/p>\n\n<\/div>\n\n\n\n<hr class=\"wp-block-separator has-alpha-channel-opacity\"\/>\n\n\n\n<h2 class=\"wp-block-heading\">\ud83d\udd04 Escala 5&#215;2: por que ela aumenta o custo operacional?<\/h2>\n\n\n\n<p>A migra\u00e7\u00e3o da escala 6&#215;1 para 5&#215;2, na pr\u00e1tica, significa:<\/p>\n\n\n\n<ul class=\"wp-block-list\">\n<li>Necessidade de <strong>contratar mais funcion\u00e1rios<\/strong> para cobrir folgas<\/li>\n\n\n\n<li>Aumento da <strong>folha salarial<\/strong><\/li>\n\n\n\n<li>Mais encargos trabalhistas<\/li>\n<\/ul>\n\n\n\n<p>Tudo isso <strong>sem aumento proporcional de receita<\/strong>.<\/p>\n\n\n\n<p>\ud83d\udca1 <em>Mesmo um gestor extremamente eficiente n\u00e3o cria margem do nada.<\/em> Boa gest\u00e3o ajuda, sim \u2014 mas ela <strong>n\u00e3o substitui pol\u00edtica p\u00fablica bem desenhada<\/strong>.<\/p>\n\n\n\n<hr class=\"wp-block-separator has-alpha-channel-opacity\"\/>\n\n\n\n<h2 class=\"wp-block-heading\">Mito comum: \u201c\u00e9 s\u00f3 gerir melhor\u201d<\/h2>\n\n\n\n<p>Existe uma narrativa perigosa de que bastaria ao empres\u00e1rio \u201cse organizar melhor\u201d para absorver os custos do fim da escala 6&#215;1.<\/p>\n\n\n\n\n\n<p>A realidade \u00e9 outra:<\/p>\n\n\n\n<ul class=\"wp-block-list\">\n<li>O <strong>Simples Nacional<\/strong>, muitas vezes, <strong>trava o crescimento<\/strong><\/li>\n\n\n\n<li>O <strong>PERSE<\/strong> vive em constante inseguran\u00e7a jur\u00eddica<\/li>\n\n\n\n<li>N\u00e3o h\u00e1 previsibilidade tribut\u00e1ria<\/li>\n<\/ul>\n\n\n\n<p>\ud83d\udc49 <strong>Gest\u00e3o eficiente navega crises. Mas ela n\u00e3o anula matem\u00e1tica.<\/strong><\/p>\n\n\n\n<div style=\"font-family: -apple-system, BlinkMacSystemFont, 'Segoe UI', Roboto, Helvetica, Arial, sans-serif; max-width: 600px; margin: 24px auto; display: flex; flex-direction: column; gap: 16px;\">\n  \n  <div style=\"background-color: #fff1f2; border-left: 5px solid #e11d48; border-radius: 12px; padding: 20px; box-shadow: 0 2px 4px rgba(0,0,0,0.05);\">\n    <div style=\"display: flex; align-items: center; margin-bottom: 8px;\">\n      <span style=\"font-size: 18px; margin-right: 8px;\">\u274c<\/span>\n      <span style=\"font-weight: 800; color: #9f1239; text-transform: uppercase; letter-spacing: 0.05em; font-size: 14px;\">Mito<\/span>\n    <\/div>\n    <p style=\"margin: 0; color: #4c0519; font-size: 16px; line-height: 1.5; font-style: italic;\">\n      \u201cBasta uma gest\u00e3o melhor para absorver o fim da escala 6&#215;1.\u201d\n    <\/p>\n  <\/div>\n\n  <div style=\"background-color: #f0fdf4; border-left: 5px solid #16a34a; border-radius: 12px; padding: 20px; box-shadow: 0 4px 6px -1px rgba(0, 0, 0, 0.1);\">\n    <div style=\"display: flex; align-items: center; margin-bottom: 8px;\">\n      <span style=\"font-size: 18px; margin-right: 8px;\">\u2705<\/span>\n      <span style=\"font-weight: 800; color: #166534; text-transform: uppercase; letter-spacing: 0.05em; font-size: 14px;\">Realidade<\/span>\n    <\/div>\n    <p style=\"margin: 0; color: #064e3b; font-size: 16px; line-height: 1.5; font-weight: 500;\">\n      Boa gest\u00e3o ajuda, mas n\u00e3o cria margem quando o faturamento j\u00e1 nasce tributado.\n    <\/p>\n  <\/div>\n\n<\/div>\n\n\n\n<hr class=\"wp-block-separator has-alpha-channel-opacity\"\/>\n\n\n\n<h2 class=\"wp-block-heading\">A conta que n\u00e3o fecha<\/h2>\n\n\n\n<div style=\"font-family: -apple-system, BlinkMacSystemFont, 'Segoe UI', Roboto, Helvetica, Arial, sans-serif; max-width: 450px; background-color: #ffffff; border: 1px solid #e5e7eb; border-radius: 12px; padding: 24px; box-shadow: 0 4px 6px -1px rgba(0, 0, 0, 0.1), 0 2px 4px -1px rgba(0, 0, 0, 0.06); margin: 20px auto; color: #1f2937;\">\n  \n  <div style=\"display: flex; align-items: center; margin-bottom: 20px; border-bottom: 2px solid #f3f4f6; padding-bottom: 12px;\">\n    <span style=\"font-size: 24px; margin-right: 12px;\">\ud83d\udcca<\/span>\n    <h3 style=\"margin: 0; font-size: 18px; font-weight: 800; color: #111827; letter-spacing: -0.025em;\">A conta que n\u00e3o fecha<\/h3>\n  <\/div>\n\n  <div style=\"display: flex; flex-direction: column; gap: 12px;\">\n    \n    <div style=\"display: flex; justify-content: space-between; align-items: center; padding: 10px 14px; background-color: #fef2f2; border-radius: 8px; border-left: 4px solid #ef4444;\">\n      <span style=\"font-size: 14px; font-weight: 600; color: #4b5563;\">Redu\u00e7\u00e3o da jornada<\/span>\n      <span style=\"font-size: 12px; font-weight: 700; color: #b91c1c; text-transform: uppercase; letter-spacing: 0.025em;\">Aumento de custos<\/span>\n    <\/div>\n\n    <div style=\"display: flex; justify-content: space-between; align-items: center; padding: 10px 14px; background-color: #fef2f2; border-radius: 8px; border-left: 4px solid #ef4444;\">\n      <span style=\"font-size: 14px; font-weight: 600; color: #4b5563;\">Contrata\u00e7\u00f5es extras<\/span>\n      <span style=\"font-size: 12px; font-weight: 700; color: #b91c1c; text-transform: uppercase; letter-spacing: 0.025em;\">Mais folha<\/span>\n    <\/div>\n\n    <div style=\"display: flex; justify-content: space-between; align-items: center; padding: 10px 14px; background-color: #fef2f2; border-radius: 8px; border-left: 4px solid #ef4444;\">\n      <span style=\"font-size: 14px; font-weight: 600; color: #4b5563;\">Encargos trabalhistas<\/span>\n      <span style=\"font-size: 12px; font-weight: 700; color: #b91c1c; text-transform: uppercase; letter-spacing: 0.025em;\">Mais impostos<\/span>\n    <\/div>\n\n    <div style=\"display: flex; justify-content: space-between; align-items: center; padding: 10px 14px; background-color: #f9fafb; border-radius: 8px; border-left: 4px solid #9ca3af; margin-top: 4px;\">\n      <span style=\"font-size: 14px; font-weight: 600; color: #6b7280;\">Incentivos fiscais<\/span>\n      <span style=\"font-size: 12px; font-weight: 700; color: #374151; text-transform: uppercase; letter-spacing: 0.025em;\">\u274c Inexistentes<\/span>\n    <\/div>\n\n  <\/div>\n<\/div>\n\n\n\n<p><strong>Resultado:<\/strong> risco \u00e0 sustentabilidade do neg\u00f3cio.<\/p>\n\n\n\n<hr class=\"wp-block-separator has-alpha-channel-opacity\"\/>\n\n\n\n<h2 class=\"wp-block-heading\">\ud83c\udfdb\ufe0f Incentivos fiscais n\u00e3o s\u00e3o privil\u00e9gio: s\u00e3o sobreviv\u00eancia<\/h2>\n\n\n\n<p>Defender <strong>incentivos fiscais<\/strong> no cen\u00e1rio de fim da escala 6&#215;1 <strong>n\u00e3o \u00e9 pedir favor<\/strong>. \u00c9 garantir que:<\/p>\n\n\n\n<ul class=\"wp-block-list\">\n<li>O emprego seja preservado<\/li>\n\n\n\n<li>O neg\u00f3cio continue operando<\/li>\n\n\n\n<li>O trabalhador tenha mais qualidade de vida <strong>sem gerar demiss\u00f5es<\/strong><\/li>\n<\/ul>\n\n\n\n<p>A solu\u00e7\u00e3o passa, inevitavelmente, por:<\/p>\n\n\n\n<p>\u2705 <strong>Desonera\u00e7\u00e3o da folha<\/strong><br>\u2705 Ajustes tribut\u00e1rios setoriais<br>\u2705 Seguran\u00e7a jur\u00eddica<\/p>\n\n\n\n<hr class=\"wp-block-separator has-alpha-channel-opacity\"\/>\n\n\n\n<h2 class=\"wp-block-heading\">\u2705 O equil\u00edbrio poss\u00edvel<\/h2>\n\n\n\n<p>Se a sociedade deseja \u2014 com raz\u00e3o \u2014 que o trabalhador tenha mais descanso, \u00e9 preciso aceitar uma verdade simples:<\/p>\n\n\n\n<blockquote class=\"wp-block-quote is-layout-flow wp-block-quote-is-layout-flow\">\n<p><strong>Algu\u00e9m precisa pagar essa conta.<\/strong><\/p>\n<\/blockquote>\n\n\n\n<p>Ou ela ser\u00e1 compartilhada de forma inteligente entre Estado e empresas, ou ser\u00e1 empurrada integralmente para quem j\u00e1 opera no limite.<\/p>\n\n\n\n<hr class=\"wp-block-separator has-alpha-channel-opacity\"\/>\n\n\n\n<h2 class=\"wp-block-heading\">Fim da escala 6&#215;1: conclus\u00e3o direta para quem decide<\/h2>\n\n\n\n<p>O <strong>fim da escala 6&#215;1<\/strong> pode ser um avan\u00e7o social.<\/p>\n\n\n\n<p>Mas <strong>sem contrapartidas fiscais<\/strong>, ele se torna um risco econ\u00f4mico real para bares e restaurantes.<\/p>\n\n\n\n<p>\ud83d\udce3 O debate precisa sair do campo ideol\u00f3gico e entrar no campo do <strong>balan\u00e7o financeiro<\/strong>.<\/p>\n\n\n\n<p>Porque s\u00f3 com empresas saud\u00e1veis \u00e9 poss\u00edvel:<\/p>\n\n\n\n<ul class=\"wp-block-list\">\n<li>Manter empregos<\/li>\n\n\n\n<li>Garantir direitos<\/li>\n\n\n\n<li>Criar valor para todos<\/li>\n<\/ul>\n\n\n\n<hr class=\"wp-block-separator has-alpha-channel-opacity\"\/>\n\n\n\n<div style=\"font-family: -apple-system, BlinkMacSystemFont, 'Segoe UI', Roboto, Helvetica, Arial, sans-serif; max-width: 650px; margin: 40px auto; background-color: #000000; color: #ffffff; padding: 48px 32px; border-radius: 20px; text-align: center; box-shadow: 0 15px 30px rgba(0,0,0,0.3); border: 1px solid #333;\">\n  \n  <div style=\"display: inline-block; background-color: #1e1e1e; padding: 8px 16px; border-radius: 50px; margin-bottom: 24px; border: 1px solid #444;\">\n    <span style=\"font-size: 13px; font-weight: 700; color: #3b82f6; text-transform: uppercase; letter-spacing: 0.05em;\">\ud83d\udce3 Conscientiza\u00e7\u00e3o<\/span>\n  <\/div>\n\n  <h2 style=\"margin: 0 0 16px 0; font-size: 32px; font-weight: 900; line-height: 1.2; letter-spacing: -0.02em; color: #ffffff !important;\">\n    Esse debate te afeta diretamente?\n  <\/h2>\n\n  <p style=\"margin: 0 auto 32px auto; color: #d1d5db; font-size: 18px; line-height: 1.6; max-width: 500px;\">\n    Compartilhe este artigo com outros donos de bares e restaurantes. \n    <strong style=\"color: #ffffff;\">Esse tema precisa ser discutido com dados, n\u00e3o com achismos.<\/strong>\n  <\/p>\n\n  <button id=\"shareBtn\" onclick=\"shareContent()\" style=\"display: inline-flex; align-items: center; justify-content: center; gap: 10px; padding: 18px 40px; background-color: #ffffff; color: #000000; font-weight: 800; border-radius: 12px; font-size: 16px; text-decoration: none; border: none; cursor: pointer; transition: all 0.2s ease; box-shadow: 0 4px 14px rgba(255,255,255,0.1); width: 100%; max-width: 350px;\">\n    <span id=\"btnText\">COPIAR LINK DO ARTIGO<\/span>\n    <svg id=\"shareIcon\" width=\"20\" height=\"20\" viewBox=\"0 0 24 24\" fill=\"none\" stroke=\"currentColor\" stroke-width=\"3\" stroke-linecap=\"round\" stroke-linejoin=\"round\">\n      <path d=\"M4 12v8a2 2 0 0 0 2 2h12a2 2 0 0 0 2-2v-8\"><\/path>\n      <polyline points=\"16 6 12 2 8 6\"><\/polyline>\n      <line x1=\"12\" y1=\"2\" x2=\"12\" y2=\"15\"><\/line>\n    <\/svg>\n  <\/button>\n\n  <script>\n    function shareContent() {\n      const shareData = {\n        title: 'Fim da Escala 6x1 - Reservai',\n        text: 'Confira este artigo sobre o impacto do fim da escala 6x1 em bares e restaurantes.',\n        url: 'https:\/\/reservai.ai\/blog\/fim-da-escala-6x1-o-que-muda-de-verdade-para-bares-e-restaurantes\/'\n      };\n\n      const btn = document.getElementById('shareBtn');\n      const btnText = document.getElementById('btnText');\n      \n      \/\/ Tenta usar a API nativa de compartilhamento (Mobile\/Modern Browsers)\n      if (navigator.share) {\n        navigator.share(shareData).catch(err => console.log('Erro ao compartilhar', err));\n      } else {\n        \/\/ Fallback: Copiar para o clipboard\n        navigator.clipboard.writeText(shareData.url).then(() => {\n          btnText.innerText = 'LINK COPIADO!';\n          btn.style.backgroundColor = '#22c55e'; \/\/ Verde de sucesso\n          btn.style.color = '#ffffff';\n          \n          setTimeout(() => {\n            btnText.innerText = 'COPIAR LINK DO ARTIGO';\n            btn.style.backgroundColor = '#ffffff';\n            btn.style.color = '#000000';\n          }, 3000);\n        });\n      }\n    }\n  <\/script>\n<\/div>\n","protected":false},"excerpt":{"rendered":"<p>O debate sobre o fim da escala 6&#215;1 tem sido tratado, em grande parte, como uma quest\u00e3o exclusivamente trabalhista. Mas [&hellip;]<\/p>\n","protected":false},"author":1,"featured_media":117,"comment_status":"open","ping_status":"open","sticky":false,"template":"","format":"standard","meta":{"site-sidebar-layout":"default","site-content-layout":"","ast-site-content-layout":"default","site-content-style":"default","site-sidebar-style":"default","ast-global-header-display":"","ast-banner-title-visibility":"","ast-main-header-display":"","ast-hfb-above-header-display":"","ast-hfb-below-header-display":"","ast-hfb-mobile-header-display":"","site-post-title":"","ast-breadcrumbs-content":"","ast-featured-img":"","footer-sml-layout":"","theme-transparent-header-meta":"","adv-header-id-meta":"","stick-header-meta":"","header-above-stick-meta":"","header-main-stick-meta":"","header-below-stick-meta":"","astra-migrate-meta-layouts":"default","ast-page-background-enabled":"default","ast-page-background-meta":{"desktop":{"background-color":"var(--ast-global-color-5)","background-image":"","background-repeat":"repeat","background-position":"center center","background-size":"auto","background-attachment":"scroll","background-type":"","background-media":"","overlay-type":"","overlay-color":"","overlay-opacity":"","overlay-gradient":""},"tablet":{"background-color":"","background-image":"","background-repeat":"repeat","background-position":"center center","background-size":"auto","background-attachment":"scroll","background-type":"","background-media":"","overlay-type":"","overlay-color":"","overlay-opacity":"","overlay-gradient":""},"mobile":{"background-color":"","background-image":"","background-repeat":"repeat","background-position":"center center","background-size":"auto","background-attachment":"scroll","background-type":"","background-media":"","overlay-type":"","overlay-color":"","overlay-opacity":"","overlay-gradient":""}},"ast-content-background-meta":{"desktop":{"background-color":"var(--ast-global-color-4)","background-image":"","background-repeat":"repeat","background-position":"center center","background-size":"auto","background-attachment":"scroll","background-type":"","background-media":"","overlay-type":"","overlay-color":"","overlay-opacity":"","overlay-gradient":""},"tablet":{"background-color":"var(--ast-global-color-4)","background-image":"","background-repeat":"repeat","background-position":"center center","background-size":"auto","background-attachment":"scroll","background-type":"","background-media":"","overlay-type":"","overlay-color":"","overlay-opacity":"","overlay-gradient":""},"mobile":{"background-color":"var(--ast-global-color-4)","background-image":"","background-repeat":"repeat","background-position":"center center","background-size":"auto","background-attachment":"scroll","background-type":"","background-media":"","overlay-type":"","overlay-color":"","overlay-opacity":"","overlay-gradient":""}},"footnotes":""},"categories":[1],"tags":[27,49,43,44,45,41,46,47,40,42,51,48,50],"class_list":["post-111","post","type-post","status-publish","format-standard","has-post-thumbnail","hentry","category-bares-e-restaurantes","tag-bares-e-restaurantes","tag-carga-tributaria","tag-custo-trabalhista","tag-desoneracao-da-folha","tag-escala-5x2","tag-escala-6x1-restaurantes","tag-fim-da-escala-6x1","tag-folha-de-pagamento","tag-gestao-de-restaurantes","tag-incentivos-fiscais","tag-jornada-de-trabalho-restaurantes","tag-legislacao-trabalhista","tag-sustentabilidade-do-negocio"],"yoast_head":"<!-- This site is optimized with the Yoast SEO plugin v26.5 - https:\/\/yoast.com\/wordpress\/plugins\/seo\/ -->\n<title>Fim da escala 6x1: impactos reais para bares e restaurantes<\/title>\n<meta name=\"description\" content=\"O fim da escala 6x1 pode elevar custos e pressionar margens. Entenda os impactos reais para bares e restaurantes.\" \/>\n<meta name=\"robots\" content=\"index, follow, max-snippet:-1, max-image-preview:large, max-video-preview:-1\" \/>\n<link rel=\"canonical\" href=\"https:\/\/reservai.ai\/blog\/fim-da-escala-6x1-o-que-muda-de-verdade-para-bares-e-restaurantes\/\" \/>\n<meta property=\"og:locale\" content=\"pt_BR\" \/>\n<meta property=\"og:type\" content=\"article\" \/>\n<meta property=\"og:title\" content=\"Fim da escala 6x1: impactos reais para bares e restaurantes\" \/>\n<meta property=\"og:description\" content=\"O fim da escala 6x1 pode elevar custos e pressionar margens. Entenda os impactos reais para bares e restaurantes.\" \/>\n<meta property=\"og:url\" content=\"https:\/\/reservai.ai\/blog\/fim-da-escala-6x1-o-que-muda-de-verdade-para-bares-e-restaurantes\/\" \/>\n<meta property=\"og:site_name\" content=\"Reserv.ai - Atendente de IA para Bares e Restaurantes | WhatsApp Autom\u00e1tico\" \/>\n<meta property=\"article:publisher\" content=\"https:\/\/www.facebook.com\/profile.php?id=61584150668306#\" \/>\n<meta property=\"article:published_time\" content=\"2025-12-18T18:22:46+00:00\" \/>\n<meta property=\"article:modified_time\" content=\"2025-12-18T18:37:59+00:00\" \/>\n<meta property=\"og:image\" content=\"https:\/\/reservai.ai\/blog\/wp-content\/uploads\/2025\/12\/fim-escala-6x1-bares-restaurantes.jpg\" \/>\n\t<meta property=\"og:image:width\" content=\"1365\" \/>\n\t<meta property=\"og:image:height\" content=\"768\" \/>\n\t<meta property=\"og:image:type\" content=\"image\/jpeg\" \/>\n<meta name=\"author\" content=\"Diego Falabella\" \/>\n<meta name=\"twitter:card\" content=\"summary_large_image\" \/>\n<meta name=\"twitter:label1\" content=\"Escrito por\" \/>\n\t<meta name=\"twitter:data1\" content=\"Diego Falabella\" \/>\n\t<meta name=\"twitter:label2\" content=\"Est. tempo de leitura\" \/>\n\t<meta name=\"twitter:data2\" content=\"4 minutos\" \/>\n<script type=\"application\/ld+json\" class=\"yoast-schema-graph\">{\"@context\":\"https:\/\/schema.org\",\"@graph\":[{\"@type\":\"Article\",\"@id\":\"https:\/\/reservai.ai\/blog\/fim-da-escala-6x1-o-que-muda-de-verdade-para-bares-e-restaurantes\/#article\",\"isPartOf\":{\"@id\":\"https:\/\/reservai.ai\/blog\/fim-da-escala-6x1-o-que-muda-de-verdade-para-bares-e-restaurantes\/\"},\"author\":{\"name\":\"Diego Falabella\",\"@id\":\"https:\/\/reservai.ai\/blog\/#\/schema\/person\/d29e6b12a806513fec385dde71c72a4a\"},\"headline\":\"Fim da escala 6&#215;1: o que muda (de verdade) para bares e restaurantes\",\"datePublished\":\"2025-12-18T18:22:46+00:00\",\"dateModified\":\"2025-12-18T18:37:59+00:00\",\"mainEntityOfPage\":{\"@id\":\"https:\/\/reservai.ai\/blog\/fim-da-escala-6x1-o-que-muda-de-verdade-para-bares-e-restaurantes\/\"},\"wordCount\":718,\"commentCount\":0,\"publisher\":{\"@id\":\"https:\/\/reservai.ai\/blog\/#organization\"},\"image\":{\"@id\":\"https:\/\/reservai.ai\/blog\/fim-da-escala-6x1-o-que-muda-de-verdade-para-bares-e-restaurantes\/#primaryimage\"},\"thumbnailUrl\":\"https:\/\/reservai.ai\/blog\/wp-content\/uploads\/2025\/12\/fim-escala-6x1-bares-restaurantes.jpg\",\"keywords\":[\"bares e restaurantes\",\"carga tribut\u00e1ria\",\"custo trabalhista\",\"desonera\u00e7\u00e3o da folha\",\"escala 5x2\",\"escala 6x1 restaurantes\",\"fim da escala 6x1\",\"folha de pagamento\",\"Gest\u00e3o de Restaurantes\",\"incentivos fiscais\",\"jornada de trabalho restaurantes\",\"legisla\u00e7\u00e3o trabalhista\",\"sustentabilidade do neg\u00f3cio\"],\"articleSection\":[\"Bares e Restaurantes\"],\"inLanguage\":\"pt-BR\",\"potentialAction\":[{\"@type\":\"CommentAction\",\"name\":\"Comment\",\"target\":[\"https:\/\/reservai.ai\/blog\/fim-da-escala-6x1-o-que-muda-de-verdade-para-bares-e-restaurantes\/#respond\"]}]},{\"@type\":\"WebPage\",\"@id\":\"https:\/\/reservai.ai\/blog\/fim-da-escala-6x1-o-que-muda-de-verdade-para-bares-e-restaurantes\/\",\"url\":\"https:\/\/reservai.ai\/blog\/fim-da-escala-6x1-o-que-muda-de-verdade-para-bares-e-restaurantes\/\",\"name\":\"Fim da escala 6x1: impactos reais para bares e restaurantes\",\"isPartOf\":{\"@id\":\"https:\/\/reservai.ai\/blog\/#website\"},\"primaryImageOfPage\":{\"@id\":\"https:\/\/reservai.ai\/blog\/fim-da-escala-6x1-o-que-muda-de-verdade-para-bares-e-restaurantes\/#primaryimage\"},\"image\":{\"@id\":\"https:\/\/reservai.ai\/blog\/fim-da-escala-6x1-o-que-muda-de-verdade-para-bares-e-restaurantes\/#primaryimage\"},\"thumbnailUrl\":\"https:\/\/reservai.ai\/blog\/wp-content\/uploads\/2025\/12\/fim-escala-6x1-bares-restaurantes.jpg\",\"datePublished\":\"2025-12-18T18:22:46+00:00\",\"dateModified\":\"2025-12-18T18:37:59+00:00\",\"description\":\"O fim da escala 6x1 pode elevar custos e pressionar margens. Entenda os impactos reais para bares e restaurantes.\",\"breadcrumb\":{\"@id\":\"https:\/\/reservai.ai\/blog\/fim-da-escala-6x1-o-que-muda-de-verdade-para-bares-e-restaurantes\/#breadcrumb\"},\"inLanguage\":\"pt-BR\",\"potentialAction\":[{\"@type\":\"ReadAction\",\"target\":[\"https:\/\/reservai.ai\/blog\/fim-da-escala-6x1-o-que-muda-de-verdade-para-bares-e-restaurantes\/\"]}]},{\"@type\":\"ImageObject\",\"inLanguage\":\"pt-BR\",\"@id\":\"https:\/\/reservai.ai\/blog\/fim-da-escala-6x1-o-que-muda-de-verdade-para-bares-e-restaurantes\/#primaryimage\",\"url\":\"https:\/\/reservai.ai\/blog\/wp-content\/uploads\/2025\/12\/fim-escala-6x1-bares-restaurantes.jpg\",\"contentUrl\":\"https:\/\/reservai.ai\/blog\/wp-content\/uploads\/2025\/12\/fim-escala-6x1-bares-restaurantes.jpg\",\"width\":1365,\"height\":768,\"caption\":\"Fim da escala 6x1 e seus impactos nos custos de bares e restaurantes no Brasil\"},{\"@type\":\"BreadcrumbList\",\"@id\":\"https:\/\/reservai.ai\/blog\/fim-da-escala-6x1-o-que-muda-de-verdade-para-bares-e-restaurantes\/#breadcrumb\",\"itemListElement\":[{\"@type\":\"ListItem\",\"position\":1,\"name\":\"In\u00edcio\",\"item\":\"https:\/\/reservai.ai\/blog\/\"},{\"@type\":\"ListItem\",\"position\":2,\"name\":\"Fim da escala 6&#215;1: o que muda (de verdade) para bares e restaurantes\"}]},{\"@type\":\"WebSite\",\"@id\":\"https:\/\/reservai.ai\/blog\/#website\",\"url\":\"https:\/\/reservai.ai\/blog\/\",\"name\":\"Reserv.ai - Atendente de IA para Bares e Restaurantes | WhatsApp Autom\u00e1tico\",\"description\":\"\",\"publisher\":{\"@id\":\"https:\/\/reservai.ai\/blog\/#organization\"},\"potentialAction\":[{\"@type\":\"SearchAction\",\"target\":{\"@type\":\"EntryPoint\",\"urlTemplate\":\"https:\/\/reservai.ai\/blog\/?s={search_term_string}\"},\"query-input\":{\"@type\":\"PropertyValueSpecification\",\"valueRequired\":true,\"valueName\":\"search_term_string\"}}],\"inLanguage\":\"pt-BR\"},{\"@type\":\"Organization\",\"@id\":\"https:\/\/reservai.ai\/blog\/#organization\",\"name\":\"Reserv.ai - Atendente de IA para Bares e Restaurantes | WhatsApp Autom\u00e1tico\",\"url\":\"https:\/\/reservai.ai\/blog\/\",\"logo\":{\"@type\":\"ImageObject\",\"inLanguage\":\"pt-BR\",\"@id\":\"https:\/\/reservai.ai\/blog\/#\/schema\/logo\/image\/\",\"url\":\"https:\/\/reservai.ai\/blog\/wp-content\/uploads\/2025\/12\/cropped-1761764321854-reservai-logo.png\",\"contentUrl\":\"https:\/\/reservai.ai\/blog\/wp-content\/uploads\/2025\/12\/cropped-1761764321854-reservai-logo.png\",\"width\":1024,\"height\":341,\"caption\":\"Reserv.ai - Atendente de IA para Bares e Restaurantes | WhatsApp Autom\u00e1tico\"},\"image\":{\"@id\":\"https:\/\/reservai.ai\/blog\/#\/schema\/logo\/image\/\"},\"sameAs\":[\"https:\/\/www.facebook.com\/profile.php?id=61584150668306#\",\"https:\/\/www.instagram.com\/reserv.ai\/\"]},{\"@type\":\"Person\",\"@id\":\"https:\/\/reservai.ai\/blog\/#\/schema\/person\/d29e6b12a806513fec385dde71c72a4a\",\"name\":\"Diego Falabella\",\"image\":{\"@type\":\"ImageObject\",\"inLanguage\":\"pt-BR\",\"@id\":\"https:\/\/reservai.ai\/blog\/#\/schema\/person\/image\/\",\"url\":\"https:\/\/secure.gravatar.com\/avatar\/49ffc3c94728e41d144376bfb69dc63cf12d7ac596c7307c49b6501a8722f166?s=96&d=identicon&r=g\",\"contentUrl\":\"https:\/\/secure.gravatar.com\/avatar\/49ffc3c94728e41d144376bfb69dc63cf12d7ac596c7307c49b6501a8722f166?s=96&d=identicon&r=g\",\"caption\":\"Diego Falabella\"},\"sameAs\":[\"https:\/\/reservai.ai\/blog\"],\"url\":\"https:\/\/reservai.ai\/blog\/author\/diego\/\"}]}<\/script>\n<!-- \/ Yoast SEO plugin. -->","yoast_head_json":{"title":"Fim da escala 6x1: impactos reais para bares e restaurantes","description":"O fim da escala 6x1 pode elevar custos e pressionar margens. Entenda os impactos reais para bares e restaurantes.","robots":{"index":"index","follow":"follow","max-snippet":"max-snippet:-1","max-image-preview":"max-image-preview:large","max-video-preview":"max-video-preview:-1"},"canonical":"https:\/\/reservai.ai\/blog\/fim-da-escala-6x1-o-que-muda-de-verdade-para-bares-e-restaurantes\/","og_locale":"pt_BR","og_type":"article","og_title":"Fim da escala 6x1: impactos reais para bares e restaurantes","og_description":"O fim da escala 6x1 pode elevar custos e pressionar margens. Entenda os impactos reais para bares e restaurantes.","og_url":"https:\/\/reservai.ai\/blog\/fim-da-escala-6x1-o-que-muda-de-verdade-para-bares-e-restaurantes\/","og_site_name":"Reserv.ai - Atendente de IA para Bares e Restaurantes | WhatsApp Autom\u00e1tico","article_publisher":"https:\/\/www.facebook.com\/profile.php?id=61584150668306#","article_published_time":"2025-12-18T18:22:46+00:00","article_modified_time":"2025-12-18T18:37:59+00:00","og_image":[{"width":1365,"height":768,"url":"https:\/\/reservai.ai\/blog\/wp-content\/uploads\/2025\/12\/fim-escala-6x1-bares-restaurantes.jpg","type":"image\/jpeg"}],"author":"Diego Falabella","twitter_card":"summary_large_image","twitter_misc":{"Escrito por":"Diego Falabella","Est. tempo de leitura":"4 minutos"},"schema":{"@context":"https:\/\/schema.org","@graph":[{"@type":"Article","@id":"https:\/\/reservai.ai\/blog\/fim-da-escala-6x1-o-que-muda-de-verdade-para-bares-e-restaurantes\/#article","isPartOf":{"@id":"https:\/\/reservai.ai\/blog\/fim-da-escala-6x1-o-que-muda-de-verdade-para-bares-e-restaurantes\/"},"author":{"name":"Diego Falabella","@id":"https:\/\/reservai.ai\/blog\/#\/schema\/person\/d29e6b12a806513fec385dde71c72a4a"},"headline":"Fim da escala 6&#215;1: o que muda (de verdade) para bares e restaurantes","datePublished":"2025-12-18T18:22:46+00:00","dateModified":"2025-12-18T18:37:59+00:00","mainEntityOfPage":{"@id":"https:\/\/reservai.ai\/blog\/fim-da-escala-6x1-o-que-muda-de-verdade-para-bares-e-restaurantes\/"},"wordCount":718,"commentCount":0,"publisher":{"@id":"https:\/\/reservai.ai\/blog\/#organization"},"image":{"@id":"https:\/\/reservai.ai\/blog\/fim-da-escala-6x1-o-que-muda-de-verdade-para-bares-e-restaurantes\/#primaryimage"},"thumbnailUrl":"https:\/\/reservai.ai\/blog\/wp-content\/uploads\/2025\/12\/fim-escala-6x1-bares-restaurantes.jpg","keywords":["bares e restaurantes","carga tribut\u00e1ria","custo trabalhista","desonera\u00e7\u00e3o da folha","escala 5x2","escala 6x1 restaurantes","fim da escala 6x1","folha de pagamento","Gest\u00e3o de Restaurantes","incentivos fiscais","jornada de trabalho restaurantes","legisla\u00e7\u00e3o trabalhista","sustentabilidade do neg\u00f3cio"],"articleSection":["Bares e Restaurantes"],"inLanguage":"pt-BR","potentialAction":[{"@type":"CommentAction","name":"Comment","target":["https:\/\/reservai.ai\/blog\/fim-da-escala-6x1-o-que-muda-de-verdade-para-bares-e-restaurantes\/#respond"]}]},{"@type":"WebPage","@id":"https:\/\/reservai.ai\/blog\/fim-da-escala-6x1-o-que-muda-de-verdade-para-bares-e-restaurantes\/","url":"https:\/\/reservai.ai\/blog\/fim-da-escala-6x1-o-que-muda-de-verdade-para-bares-e-restaurantes\/","name":"Fim da escala 6x1: impactos reais para bares e restaurantes","isPartOf":{"@id":"https:\/\/reservai.ai\/blog\/#website"},"primaryImageOfPage":{"@id":"https:\/\/reservai.ai\/blog\/fim-da-escala-6x1-o-que-muda-de-verdade-para-bares-e-restaurantes\/#primaryimage"},"image":{"@id":"https:\/\/reservai.ai\/blog\/fim-da-escala-6x1-o-que-muda-de-verdade-para-bares-e-restaurantes\/#primaryimage"},"thumbnailUrl":"https:\/\/reservai.ai\/blog\/wp-content\/uploads\/2025\/12\/fim-escala-6x1-bares-restaurantes.jpg","datePublished":"2025-12-18T18:22:46+00:00","dateModified":"2025-12-18T18:37:59+00:00","description":"O fim da escala 6x1 pode elevar custos e pressionar margens. Entenda os impactos reais para bares e restaurantes.","breadcrumb":{"@id":"https:\/\/reservai.ai\/blog\/fim-da-escala-6x1-o-que-muda-de-verdade-para-bares-e-restaurantes\/#breadcrumb"},"inLanguage":"pt-BR","potentialAction":[{"@type":"ReadAction","target":["https:\/\/reservai.ai\/blog\/fim-da-escala-6x1-o-que-muda-de-verdade-para-bares-e-restaurantes\/"]}]},{"@type":"ImageObject","inLanguage":"pt-BR","@id":"https:\/\/reservai.ai\/blog\/fim-da-escala-6x1-o-que-muda-de-verdade-para-bares-e-restaurantes\/#primaryimage","url":"https:\/\/reservai.ai\/blog\/wp-content\/uploads\/2025\/12\/fim-escala-6x1-bares-restaurantes.jpg","contentUrl":"https:\/\/reservai.ai\/blog\/wp-content\/uploads\/2025\/12\/fim-escala-6x1-bares-restaurantes.jpg","width":1365,"height":768,"caption":"Fim da escala 6x1 e seus impactos nos custos de bares e restaurantes no Brasil"},{"@type":"BreadcrumbList","@id":"https:\/\/reservai.ai\/blog\/fim-da-escala-6x1-o-que-muda-de-verdade-para-bares-e-restaurantes\/#breadcrumb","itemListElement":[{"@type":"ListItem","position":1,"name":"In\u00edcio","item":"https:\/\/reservai.ai\/blog\/"},{"@type":"ListItem","position":2,"name":"Fim da escala 6&#215;1: o que muda (de verdade) para bares e restaurantes"}]},{"@type":"WebSite","@id":"https:\/\/reservai.ai\/blog\/#website","url":"https:\/\/reservai.ai\/blog\/","name":"Reserv.ai - Atendente de IA para Bares e Restaurantes | WhatsApp Autom\u00e1tico","description":"","publisher":{"@id":"https:\/\/reservai.ai\/blog\/#organization"},"potentialAction":[{"@type":"SearchAction","target":{"@type":"EntryPoint","urlTemplate":"https:\/\/reservai.ai\/blog\/?s={search_term_string}"},"query-input":{"@type":"PropertyValueSpecification","valueRequired":true,"valueName":"search_term_string"}}],"inLanguage":"pt-BR"},{"@type":"Organization","@id":"https:\/\/reservai.ai\/blog\/#organization","name":"Reserv.ai - Atendente de IA para Bares e Restaurantes | WhatsApp Autom\u00e1tico","url":"https:\/\/reservai.ai\/blog\/","logo":{"@type":"ImageObject","inLanguage":"pt-BR","@id":"https:\/\/reservai.ai\/blog\/#\/schema\/logo\/image\/","url":"https:\/\/reservai.ai\/blog\/wp-content\/uploads\/2025\/12\/cropped-1761764321854-reservai-logo.png","contentUrl":"https:\/\/reservai.ai\/blog\/wp-content\/uploads\/2025\/12\/cropped-1761764321854-reservai-logo.png","width":1024,"height":341,"caption":"Reserv.ai - Atendente de IA para Bares e Restaurantes | WhatsApp Autom\u00e1tico"},"image":{"@id":"https:\/\/reservai.ai\/blog\/#\/schema\/logo\/image\/"},"sameAs":["https:\/\/www.facebook.com\/profile.php?id=61584150668306#","https:\/\/www.instagram.com\/reserv.ai\/"]},{"@type":"Person","@id":"https:\/\/reservai.ai\/blog\/#\/schema\/person\/d29e6b12a806513fec385dde71c72a4a","name":"Diego Falabella","image":{"@type":"ImageObject","inLanguage":"pt-BR","@id":"https:\/\/reservai.ai\/blog\/#\/schema\/person\/image\/","url":"https:\/\/secure.gravatar.com\/avatar\/49ffc3c94728e41d144376bfb69dc63cf12d7ac596c7307c49b6501a8722f166?s=96&d=identicon&r=g","contentUrl":"https:\/\/secure.gravatar.com\/avatar\/49ffc3c94728e41d144376bfb69dc63cf12d7ac596c7307c49b6501a8722f166?s=96&d=identicon&r=g","caption":"Diego Falabella"},"sameAs":["https:\/\/reservai.ai\/blog"],"url":"https:\/\/reservai.ai\/blog\/author\/diego\/"}]}},"_links":{"self":[{"href":"https:\/\/reservai.ai\/blog\/wp-json\/wp\/v2\/posts\/111","targetHints":{"allow":["GET"]}}],"collection":[{"href":"https:\/\/reservai.ai\/blog\/wp-json\/wp\/v2\/posts"}],"about":[{"href":"https:\/\/reservai.ai\/blog\/wp-json\/wp\/v2\/types\/post"}],"author":[{"embeddable":true,"href":"https:\/\/reservai.ai\/blog\/wp-json\/wp\/v2\/users\/1"}],"replies":[{"embeddable":true,"href":"https:\/\/reservai.ai\/blog\/wp-json\/wp\/v2\/comments?post=111"}],"version-history":[{"count":7,"href":"https:\/\/reservai.ai\/blog\/wp-json\/wp\/v2\/posts\/111\/revisions"}],"predecessor-version":[{"id":121,"href":"https:\/\/reservai.ai\/blog\/wp-json\/wp\/v2\/posts\/111\/revisions\/121"}],"wp:featuredmedia":[{"embeddable":true,"href":"https:\/\/reservai.ai\/blog\/wp-json\/wp\/v2\/media\/117"}],"wp:attachment":[{"href":"https:\/\/reservai.ai\/blog\/wp-json\/wp\/v2\/media?parent=111"}],"wp:term":[{"taxonomy":"category","embeddable":true,"href":"https:\/\/reservai.ai\/blog\/wp-json\/wp\/v2\/categories?post=111"},{"taxonomy":"post_tag","embeddable":true,"href":"https:\/\/reservai.ai\/blog\/wp-json\/wp\/v2\/tags?post=111"}],"curies":[{"name":"wp","href":"https:\/\/api.w.org\/{rel}","templated":true}]}}