{"id":104,"date":"2025-12-18T16:22:14","date_gmt":"2025-12-18T16:22:14","guid":{"rendered":"https:\/\/reservai.ai\/blog\/fim-da-escala-6x1-impactos-na-economia-e-no-setor-de-bares-e-restaurantes\/"},"modified":"2025-12-18T16:45:29","modified_gmt":"2025-12-18T16:45:29","slug":"fim-da-escala-6x1-impactos-na-economia-e-no-setor-de-bares-e-restaurantes","status":"publish","type":"post","link":"https:\/\/reservai.ai\/blog\/fim-da-escala-6x1-impactos-na-economia-e-no-setor-de-bares-e-restaurantes\/","title":{"rendered":"Fim da Escala 6&#215;1:e o impacto para bares e restaurantes"},"content":{"rendered":"\n<p>Voc\u00ea j\u00e1 pensou como o fim da escala 6&#215;1 e a consequ\u00eancia na redu\u00e7\u00e3o da jornada semanal m\u00e1xima, com a obrigat\u00f3ria preserva\u00e7\u00e3o do sal\u00e1rio, pode redefinir o futuro do trabalho no Brasil? Se aprovada, essa nova escala se tornar\u00e1 um mandato, exigindo que a jornada seja reduzida de forma gradual. Para setores din\u00e2micos e de alta demanda, como bares e restaurantes, essa mudan\u00e7a imp\u00f5e desafios imediatos: o redesenho de turnos, o revezamento de folgas e o controle de jornada deixar\u00e3o de ser um tema administrativo para se tornar uma parte central do modelo de neg\u00f3cio.<br>No entanto, a complexidade n\u00e3o para na opera\u00e7\u00e3o. A efic\u00e1cia desses novos benef\u00edcios da jornada (pensados para a CLT) est\u00e1 sendo posta \u00e0 prova pelo intenso debate sobre a pejotiza\u00e7\u00e3o no Supremo Tribunal Federal (STF). Se a substitui\u00e7\u00e3o de v\u00ednculos celetistas por contrata\u00e7\u00f5es via PJ aut\u00f4nomo crescer, uma grande parcela de trabalhadores pode ficar fora do alcance t\u00edpico dessas garantias, reduzindo o efeito concreto da lei.<\/p>\n\n\n\n<p><br>Neste artigo, vamos explorar essa dupla transforma\u00e7\u00e3o: como a nova escala imp\u00f5e a necessidade real de planejamento operacional e como a discuss\u00e3o no STF pode afetar o alcance desses benef\u00edcios, determinando se sua empresa estar\u00e1 protegida pela CLT ou arriscada pelo PJ.<\/p>\n\n\n\n<h2 class=\"wp-block-heading\">O que \u00e9 a escala 6&#215;1 e por que est\u00e1 acabando?<\/h2>\n\n\n\n<p>A escala 6&#215;1 \u00e9 um modelo de jornada muito comum no Brasil, especialmente em setores como bares e restaurantes. Ela funciona com o trabalhador atuando seis dias consecutivos e descansando apenas um dia na semana.<\/p>\n\n\n\n<div class=\"highlight-box\"><strong>Ponto-chave:<\/strong> A PEC que prev\u00ea o fim da escala 6&#215;1 busca reduzir a jornada para 36 horas semanais, promovendo maior qualidade de vida ao trabalhador.<\/div>\n\n\n\n<h2 class=\"wp-block-heading\">Consequ\u00eancias econ\u00f4micas do fim da escala 6&#215;1<\/h2>\n\n\n\n<p>Especialistas e economistas alertam sobre impactos econ\u00f4micos significativos, sobretudo devido \u00e0 baixa produtividade atual do pa\u00eds. A redu\u00e7\u00e3o da jornada sem compensa\u00e7\u00e3o pode:<\/p>\n\n\n\n<div class=\"impact-container\">\n  <div class=\"impact-card\">\n    <div class=\"icon\">\ud83d\udcb0<\/div>\n    <p>Aumentar <strong>custos operacionais<\/strong> para as empresas<\/p>\n  <\/div>\n  \n  <div class=\"impact-card\">\n    <div class=\"icon\">\ud83d\udcc8<\/div>\n    <p>Pressionar a <strong>infla\u00e7\u00e3o<\/strong> com aumento no pre\u00e7o dos produtos e servi\u00e7os<\/p>\n  <\/div>\n  \n  <div class=\"impact-card\">\n    <div class=\"icon\">\ud83d\udcc9<\/div>\n    <p>Gerar <strong>perda de faturamento<\/strong> e poss\u00edveis cortes de funcion\u00e1rios<\/p>\n  <\/div>\n  \n  <div class=\"impact-card\">\n    <div class=\"icon\">\u26a0\ufe0f<\/div>\n    <p>Aumentar a <strong>informalidade<\/strong>, prejudicando direitos trabalhistas<\/p>\n  <\/div>\n  \n  <div class=\"impact-card\">\n    <div class=\"icon\">\ud83d\udcca<\/div>\n    <p>Impactar negativamente o <strong>Produto Interno Bruto (PIB)<\/strong><\/p>\n  <\/div>\n<\/div>\n\n<style>\n  .impact-container {\n    display: grid;\n    grid-template-columns: repeat(auto-fit, minmax(250px, 1fr));\n    gap: 16px;\n    font-family: 'Segoe UI', Roboto, Helvetica, Arial, sans-serif;\n    padding: 20px;\n  }\n\n  .impact-card {\n    background: #ffffff;\n    border-left: 5px solid #e74c3c; \/* Cor de destaque (vermelho\/alerta) *\/\n    border-radius: 8px;\n    padding: 15px 20px;\n    display: flex;\n    align-items: center;\n    box-shadow: 0 4px 6px rgba(0,0,0,0.1);\n    transition: transform 0.2s;\n  }\n\n  .impact-card:hover {\n    transform: translateY(-5px);\n  }\n\n  .icon {\n    font-size: 1.5rem;\n    margin-right: 15px;\n  }\n\n  .impact-card p {\n    margin: 0;\n    color: #2c3e50;\n    line-height: 1.4;\n  }\n\n  .impact-card strong {\n    color: #c0392b;\n  }\n<\/style>\n\n\n\n<div class=\"stats-box\"><strong>Estat\u00edsticas relevantes:<\/strong>\n<ul>\n<li>Perda semanal estimada de R$ 38 bilh\u00f5es para os setores produtivos (<a href=\"https:\/\/flashapp.com.br\/blog\/leis-trabalhistas\/pec-escala-6x1\" target=\"_blank\" rel=\"noopener noreferrer\">FlashApp<\/a>).<\/li>\n<li>Perda de at\u00e9 16% no PIB brasileiro conforme estudo da FIEMG (<a href=\"https:\/\/www.brasildefato.com.br\/2025\/06\/23\/fim-da-escala-6x1-vai-quebrar-a-economia-especialistas-questionam-estudos-da-fiemg-e-da-fgv\/\" target=\"_blank\" rel=\"noopener noreferrer\">Brasil de Fato<\/a>).<\/li>\n<li>Redu\u00e7\u00e3o da renda da economia entre 2,6% e 7,4% em diferentes cen\u00e1rios (<a href=\"https:\/\/blogdoibre.com.br\" target=\"_blank\" rel=\"noopener noreferrer\">Blog do IBRE<\/a>).<\/li>\n<\/ul>\n<\/div>\n\n\n\n<h2 class=\"wp-block-heading\">Impactos espec\u00edficos no setor de bares e restaurantes<\/h2>\n\n\n\n<p>O setor de bares e restaurantes pode ser um dos mais afetados pela mudan\u00e7a, j\u00e1 que depende muito da escala 6&#215;1 para manter o funcionamento pleno. A Associa\u00e7\u00e3o Brasileira de Bares e Restaurantes (Abrasel) alerta para:<\/p>\n\n\n\n<ul class=\"wp-block-list\">\n<li>Perda econ\u00f4mica semanal na casa dos bilh\u00f5es;<\/li>\n\n\n\n<li>Risco de fechamento de estabelecimentos;<\/li>\n\n\n\n<li>Redu\u00e7\u00e3o de quadro de funcion\u00e1rios e sal\u00e1rios;<\/li>\n\n\n\n<li>Necessidade de adapta\u00e7\u00e3o dos modelos de opera\u00e7\u00e3o di\u00e1ria.<\/li>\n<\/ul>\n\n\n\n<div class=\"info-box\"><strong>Fato importante:<\/strong> Cerca de 38% da popula\u00e7\u00e3o trabalhadora est\u00e1 fora do regime formal, o que agrava os impactos da mudan\u00e7a (<a href=\"https:\/\/unifor.br\/-\/o-que-e-a-escala-6x1-e-qual-seu-impacto-socioeconomico-no-brasil\" target=\"_blank\" rel=\"noopener noreferrer\">UNIFOR<\/a>).<\/div>\n\n\n\n<blockquote class=\"wp-block-quote quote-box is-layout-flow wp-block-quote-is-layout-flow\">\n<p>&#8220;A baixa produtividade brasileira inviabiliza a compensa\u00e7\u00e3o da perda da escala 6&#215;1, trazendo d\u00favidas sobre sustentabilidade econ\u00f4mica&#8221; &#8211; Especialistas (<a href=\"https:\/\/valor.globo.com\/brasil\/noticia\/2025\/12\/11\/veja-os-alertas-de-economistas-sobre-os-impactos-do-fim-da-escala-6x1.ghtml\" target=\"_blank\" rel=\"noopener noreferrer\">Valor Econ\u00f4mico<\/a>).<\/p>\n<\/blockquote>\n\n\n\n<h2 class=\"wp-block-heading\">Como a rotina dos trabalhadores ser\u00e1 afetada?<\/h2>\n\n\n\n<p>Al\u00e9m dos impactos econ\u00f4micos, os trabalhadores ter\u00e3o mudan\u00e7as em sua rotina e direitos:<\/p>\n\n\n\n<ul class=\"wp-block-list\">\n<li>Altera\u00e7\u00e3o na organiza\u00e7\u00e3o dos dias de trabalho e descanso;<\/li>\n\n\n\n<li>Potenciais ganhos em qualidade de vida com a jornada reduzida;<\/li>\n\n\n\n<li>Necessidade de adapta\u00e7\u00e3o por parte de empresas e empregados;<\/li>\n\n\n\n<li>Desafios para manter produtividade sem aumento da carga hor\u00e1ria.<\/li>\n<\/ul>\n\n\n\n<div class=\"cta-box\">\n<p>Est\u00e1 preparado para as mudan\u00e7as? Empresas e trabalhadores devem se planejar para esse novo cen\u00e1rio.<\/p>\n<\/div>\n\n\n\n<h2 class=\"wp-block-heading\">Contextualiza\u00e7\u00e3o com solu\u00e7\u00f5es do mercado<\/h2>\n\n\n\n<p><a href=\"https:\/\/reservai.ai\">Reserv.ai<\/a> \u00e9 uma solu\u00e7\u00e3o que automatiza o atendimento e o processo de reservas de restaurantes via WhatsApp, ajudando estabelecimentos a responder mais r\u00e1pido, reduzir erros operacionais e melhorar a experi\u00eancia do cliente. Ferramentas como essa podem ser cruciais para o setor de bares e restaurantes na adapta\u00e7\u00e3o \u00e0s novas exig\u00eancias de produtividade e opera\u00e7\u00e3o, otimizando recursos mesmo com a menor jornada de trabalho.<\/p>\n\n\n\n<figure class=\"wp-block-image size-large\"><img loading=\"lazy\" decoding=\"async\" width=\"1024\" height=\"576\" src=\"https:\/\/reservai.ai\/blog\/wp-content\/uploads\/2025\/12\/fim-da-escala-6-x-1-para-bares-e-restaurantes-1024x576.jpg\" alt=\"Fim da escala 6x1 para bares e restaurantes\" class=\"wp-image-106\" srcset=\"https:\/\/reservai.ai\/blog\/wp-content\/uploads\/2025\/12\/fim-da-escala-6-x-1-para-bares-e-restaurantes-1024x576.jpg 1024w, https:\/\/reservai.ai\/blog\/wp-content\/uploads\/2025\/12\/fim-da-escala-6-x-1-para-bares-e-restaurantes-300x169.jpg 300w, https:\/\/reservai.ai\/blog\/wp-content\/uploads\/2025\/12\/fim-da-escala-6-x-1-para-bares-e-restaurantes-768x432.jpg 768w, https:\/\/reservai.ai\/blog\/wp-content\/uploads\/2025\/12\/fim-da-escala-6-x-1-para-bares-e-restaurantes.jpg 1365w\" sizes=\"auto, (max-width: 1024px) 100vw, 1024px\" \/><\/figure>\n\n\n\n<h2 class=\"wp-block-heading\">Conclus\u00e3o: o que esperar do fim da escala 6&#215;1?<\/h2>\n\n\n\n<p>O fim da escala 6&#215;1 representa uma mudan\u00e7a profunda na rela\u00e7\u00e3o entre empresas e empregados, com impactos diretos na economia brasileira. Apesar das vantagens em qualidade de vida para os trabalhadores, o cen\u00e1rio apresenta desafios significativos para a produtividade, infla\u00e7\u00e3o e manuten\u00e7\u00e3o dos neg\u00f3cios, especialmente em setores cr\u00edticos como bares e restaurantes.<\/p>\n\n\n\n<p>\u00c9 fundamental acompanhar os desdobramentos dessa PEC e buscar solu\u00e7\u00f5es que promovam inova\u00e7\u00e3o e efici\u00eancia para mitigar os impactos negativos previstos.<\/p>\n\n\n\n<div class=\"cta-box\">\n<p>Quer estar sempre informado sobre as mudan\u00e7as na legisla\u00e7\u00e3o trabalhista e suas consequ\u00eancias? Continue acompanhando nossos conte\u00fados e prepare-se para o futuro.<\/p>\n<\/div>\n\n\n\n<p><\/p>\n","protected":false},"excerpt":{"rendered":"<p>Voc\u00ea j\u00e1 pensou como o fim da escala 6&#215;1 e a consequ\u00eancia na redu\u00e7\u00e3o da jornada semanal m\u00e1xima, com a [&hellip;]<\/p>\n","protected":false},"author":1,"featured_media":106,"comment_status":"open","ping_status":"open","sticky":false,"template":"","format":"standard","meta":{"site-sidebar-layout":"default","site-content-layout":"","ast-site-content-layout":"default","site-content-style":"default","site-sidebar-style":"default","ast-global-header-display":"","ast-banner-title-visibility":"","ast-main-header-display":"","ast-hfb-above-header-display":"","ast-hfb-below-header-display":"","ast-hfb-mobile-header-display":"","site-post-title":"","ast-breadcrumbs-content":"","ast-featured-img":"","footer-sml-layout":"","theme-transparent-header-meta":"","adv-header-id-meta":"","stick-header-meta":"","header-above-stick-meta":"","header-main-stick-meta":"","header-below-stick-meta":"","astra-migrate-meta-layouts":"default","ast-page-background-enabled":"default","ast-page-background-meta":{"desktop":{"background-color":"var(--ast-global-color-5)","background-image":"","background-repeat":"repeat","background-position":"center center","background-size":"auto","background-attachment":"scroll","background-type":"","background-media":"","overlay-type":"","overlay-color":"","overlay-opacity":"","overlay-gradient":""},"tablet":{"background-color":"","background-image":"","background-repeat":"repeat","background-position":"center center","background-size":"auto","background-attachment":"scroll","background-type":"","background-media":"","overlay-type":"","overlay-color":"","overlay-opacity":"","overlay-gradient":""},"mobile":{"background-color":"","background-image":"","background-repeat":"repeat","background-position":"center center","background-size":"auto","background-attachment":"scroll","background-type":"","background-media":"","overlay-type":"","overlay-color":"","overlay-opacity":"","overlay-gradient":""}},"ast-content-background-meta":{"desktop":{"background-color":"var(--ast-global-color-4)","background-image":"","background-repeat":"repeat","background-position":"center center","background-size":"auto","background-attachment":"scroll","background-type":"","background-media":"","overlay-type":"","overlay-color":"","overlay-opacity":"","overlay-gradient":""},"tablet":{"background-color":"var(--ast-global-color-4)","background-image":"","background-repeat":"repeat","background-position":"center center","background-size":"auto","background-attachment":"scroll","background-type":"","background-media":"","overlay-type":"","overlay-color":"","overlay-opacity":"","overlay-gradient":""},"mobile":{"background-color":"var(--ast-global-color-4)","background-image":"","background-repeat":"repeat","background-position":"center center","background-size":"auto","background-attachment":"scroll","background-type":"","background-media":"","overlay-type":"","overlay-color":"","overlay-opacity":"","overlay-gradient":""}},"footnotes":""},"categories":[1],"tags":[5,9,8,7,6],"class_list":["post-104","post","type-post","status-publish","format-standard","has-post-thumbnail","hentry","category-bares-e-restaurantes","tag-atendimento-via-whatsapp","tag-automacao-de-atendimento","tag-chatbot-para-restaurantes","tag-ia-no-atendimento-ao-cliente","tag-inteligencia-artificial-para-restaurantes"],"yoast_head":"<!-- This site is optimized with the Yoast SEO plugin v26.5 - https:\/\/yoast.com\/wordpress\/plugins\/seo\/ -->\n<title>Fim da Escala 6x1:e o impacto para bares e restaurantes - Reserv.ai - Atendente de IA para Bares e Restaurantes | WhatsApp Autom\u00e1tico<\/title>\n<meta name=\"description\" content=\"Fim da escala 6x1 obrigat\u00f3rio: Bares e restaurantes precisam de planejamento. O STF e a pejotiza\u00e7\u00e3o definem se as garantias da CLT valem.\" \/>\n<meta name=\"robots\" content=\"index, follow, max-snippet:-1, max-image-preview:large, max-video-preview:-1\" \/>\n<link rel=\"canonical\" href=\"https:\/\/reservai.ai\/blog\/fim-da-escala-6x1-impactos-na-economia-e-no-setor-de-bares-e-restaurantes\/\" \/>\n<meta property=\"og:locale\" content=\"pt_BR\" \/>\n<meta property=\"og:type\" content=\"article\" \/>\n<meta property=\"og:title\" content=\"Fim da Escala 6x1:e o impacto para bares e restaurantes - Reserv.ai - Atendente de IA para Bares e Restaurantes | WhatsApp Autom\u00e1tico\" \/>\n<meta property=\"og:description\" content=\"Fim da escala 6x1 obrigat\u00f3rio: Bares e restaurantes precisam de planejamento. O STF e a pejotiza\u00e7\u00e3o definem se as garantias da CLT valem.\" \/>\n<meta property=\"og:url\" content=\"https:\/\/reservai.ai\/blog\/fim-da-escala-6x1-impactos-na-economia-e-no-setor-de-bares-e-restaurantes\/\" \/>\n<meta property=\"og:site_name\" content=\"Reserv.ai - Atendente de IA para Bares e Restaurantes | WhatsApp Autom\u00e1tico\" \/>\n<meta property=\"article:publisher\" content=\"https:\/\/www.facebook.com\/profile.php?id=61584150668306#\" \/>\n<meta property=\"article:published_time\" content=\"2025-12-18T16:22:14+00:00\" \/>\n<meta property=\"article:modified_time\" content=\"2025-12-18T16:45:29+00:00\" \/>\n<meta property=\"og:image\" content=\"https:\/\/reservai.ai\/blog\/wp-content\/uploads\/2025\/12\/fim-da-escala-6-x-1-para-bares-e-restaurantes.jpg\" \/>\n\t<meta property=\"og:image:width\" content=\"1365\" \/>\n\t<meta property=\"og:image:height\" content=\"768\" \/>\n\t<meta property=\"og:image:type\" content=\"image\/jpeg\" \/>\n<meta name=\"author\" content=\"Diego Falabella\" \/>\n<meta name=\"twitter:card\" content=\"summary_large_image\" \/>\n<meta name=\"twitter:label1\" content=\"Escrito por\" \/>\n\t<meta name=\"twitter:data1\" content=\"Diego Falabella\" \/>\n\t<meta name=\"twitter:label2\" content=\"Est. tempo de leitura\" \/>\n\t<meta name=\"twitter:data2\" content=\"5 minutos\" \/>\n<script type=\"application\/ld+json\" class=\"yoast-schema-graph\">{\"@context\":\"https:\/\/schema.org\",\"@graph\":[{\"@type\":\"Article\",\"@id\":\"https:\/\/reservai.ai\/blog\/fim-da-escala-6x1-impactos-na-economia-e-no-setor-de-bares-e-restaurantes\/#article\",\"isPartOf\":{\"@id\":\"https:\/\/reservai.ai\/blog\/fim-da-escala-6x1-impactos-na-economia-e-no-setor-de-bares-e-restaurantes\/\"},\"author\":{\"name\":\"Diego Falabella\",\"@id\":\"https:\/\/reservai.ai\/blog\/#\/schema\/person\/d29e6b12a806513fec385dde71c72a4a\"},\"headline\":\"Fim da Escala 6&#215;1:e o impacto para bares e restaurantes\",\"datePublished\":\"2025-12-18T16:22:14+00:00\",\"dateModified\":\"2025-12-18T16:45:29+00:00\",\"mainEntityOfPage\":{\"@id\":\"https:\/\/reservai.ai\/blog\/fim-da-escala-6x1-impactos-na-economia-e-no-setor-de-bares-e-restaurantes\/\"},\"wordCount\":833,\"commentCount\":0,\"publisher\":{\"@id\":\"https:\/\/reservai.ai\/blog\/#organization\"},\"image\":{\"@id\":\"https:\/\/reservai.ai\/blog\/fim-da-escala-6x1-impactos-na-economia-e-no-setor-de-bares-e-restaurantes\/#primaryimage\"},\"thumbnailUrl\":\"https:\/\/reservai.ai\/blog\/wp-content\/uploads\/2025\/12\/fim-da-escala-6-x-1-para-bares-e-restaurantes.jpg\",\"keywords\":[\"atendimento via WhatsApp\",\"automa\u00e7\u00e3o de atendimento\",\"chatbot para restaurantes\",\"IA no atendimento ao cliente\",\"intelig\u00eancia artificial para restaurantes\"],\"articleSection\":[\"Bares e Restaurantes\"],\"inLanguage\":\"pt-BR\",\"potentialAction\":[{\"@type\":\"CommentAction\",\"name\":\"Comment\",\"target\":[\"https:\/\/reservai.ai\/blog\/fim-da-escala-6x1-impactos-na-economia-e-no-setor-de-bares-e-restaurantes\/#respond\"]}]},{\"@type\":\"WebPage\",\"@id\":\"https:\/\/reservai.ai\/blog\/fim-da-escala-6x1-impactos-na-economia-e-no-setor-de-bares-e-restaurantes\/\",\"url\":\"https:\/\/reservai.ai\/blog\/fim-da-escala-6x1-impactos-na-economia-e-no-setor-de-bares-e-restaurantes\/\",\"name\":\"Fim da Escala 6x1:e o impacto para bares e restaurantes - Reserv.ai - Atendente de IA para Bares e Restaurantes | WhatsApp Autom\u00e1tico\",\"isPartOf\":{\"@id\":\"https:\/\/reservai.ai\/blog\/#website\"},\"primaryImageOfPage\":{\"@id\":\"https:\/\/reservai.ai\/blog\/fim-da-escala-6x1-impactos-na-economia-e-no-setor-de-bares-e-restaurantes\/#primaryimage\"},\"image\":{\"@id\":\"https:\/\/reservai.ai\/blog\/fim-da-escala-6x1-impactos-na-economia-e-no-setor-de-bares-e-restaurantes\/#primaryimage\"},\"thumbnailUrl\":\"https:\/\/reservai.ai\/blog\/wp-content\/uploads\/2025\/12\/fim-da-escala-6-x-1-para-bares-e-restaurantes.jpg\",\"datePublished\":\"2025-12-18T16:22:14+00:00\",\"dateModified\":\"2025-12-18T16:45:29+00:00\",\"description\":\"Fim da escala 6x1 obrigat\u00f3rio: Bares e restaurantes precisam de planejamento. O STF e a pejotiza\u00e7\u00e3o definem se as garantias da CLT valem.\",\"breadcrumb\":{\"@id\":\"https:\/\/reservai.ai\/blog\/fim-da-escala-6x1-impactos-na-economia-e-no-setor-de-bares-e-restaurantes\/#breadcrumb\"},\"inLanguage\":\"pt-BR\",\"potentialAction\":[{\"@type\":\"ReadAction\",\"target\":[\"https:\/\/reservai.ai\/blog\/fim-da-escala-6x1-impactos-na-economia-e-no-setor-de-bares-e-restaurantes\/\"]}]},{\"@type\":\"ImageObject\",\"inLanguage\":\"pt-BR\",\"@id\":\"https:\/\/reservai.ai\/blog\/fim-da-escala-6x1-impactos-na-economia-e-no-setor-de-bares-e-restaurantes\/#primaryimage\",\"url\":\"https:\/\/reservai.ai\/blog\/wp-content\/uploads\/2025\/12\/fim-da-escala-6-x-1-para-bares-e-restaurantes.jpg\",\"contentUrl\":\"https:\/\/reservai.ai\/blog\/wp-content\/uploads\/2025\/12\/fim-da-escala-6-x-1-para-bares-e-restaurantes.jpg\",\"width\":1365,\"height\":768},{\"@type\":\"BreadcrumbList\",\"@id\":\"https:\/\/reservai.ai\/blog\/fim-da-escala-6x1-impactos-na-economia-e-no-setor-de-bares-e-restaurantes\/#breadcrumb\",\"itemListElement\":[{\"@type\":\"ListItem\",\"position\":1,\"name\":\"In\u00edcio\",\"item\":\"https:\/\/reservai.ai\/blog\/\"},{\"@type\":\"ListItem\",\"position\":2,\"name\":\"Fim da Escala 6&#215;1:e o impacto para bares e restaurantes\"}]},{\"@type\":\"WebSite\",\"@id\":\"https:\/\/reservai.ai\/blog\/#website\",\"url\":\"https:\/\/reservai.ai\/blog\/\",\"name\":\"Reserv.ai - Atendente de IA para Bares e Restaurantes | WhatsApp Autom\u00e1tico\",\"description\":\"\",\"publisher\":{\"@id\":\"https:\/\/reservai.ai\/blog\/#organization\"},\"potentialAction\":[{\"@type\":\"SearchAction\",\"target\":{\"@type\":\"EntryPoint\",\"urlTemplate\":\"https:\/\/reservai.ai\/blog\/?s={search_term_string}\"},\"query-input\":{\"@type\":\"PropertyValueSpecification\",\"valueRequired\":true,\"valueName\":\"search_term_string\"}}],\"inLanguage\":\"pt-BR\"},{\"@type\":\"Organization\",\"@id\":\"https:\/\/reservai.ai\/blog\/#organization\",\"name\":\"Reserv.ai - Atendente de IA para Bares e Restaurantes | WhatsApp Autom\u00e1tico\",\"url\":\"https:\/\/reservai.ai\/blog\/\",\"logo\":{\"@type\":\"ImageObject\",\"inLanguage\":\"pt-BR\",\"@id\":\"https:\/\/reservai.ai\/blog\/#\/schema\/logo\/image\/\",\"url\":\"https:\/\/reservai.ai\/blog\/wp-content\/uploads\/2025\/12\/cropped-1761764321854-reservai-logo.png\",\"contentUrl\":\"https:\/\/reservai.ai\/blog\/wp-content\/uploads\/2025\/12\/cropped-1761764321854-reservai-logo.png\",\"width\":1024,\"height\":341,\"caption\":\"Reserv.ai - Atendente de IA para Bares e Restaurantes | WhatsApp Autom\u00e1tico\"},\"image\":{\"@id\":\"https:\/\/reservai.ai\/blog\/#\/schema\/logo\/image\/\"},\"sameAs\":[\"https:\/\/www.facebook.com\/profile.php?id=61584150668306#\",\"https:\/\/www.instagram.com\/reserv.ai\/\"]},{\"@type\":\"Person\",\"@id\":\"https:\/\/reservai.ai\/blog\/#\/schema\/person\/d29e6b12a806513fec385dde71c72a4a\",\"name\":\"Diego Falabella\",\"image\":{\"@type\":\"ImageObject\",\"inLanguage\":\"pt-BR\",\"@id\":\"https:\/\/reservai.ai\/blog\/#\/schema\/person\/image\/\",\"url\":\"https:\/\/secure.gravatar.com\/avatar\/49ffc3c94728e41d144376bfb69dc63cf12d7ac596c7307c49b6501a8722f166?s=96&d=identicon&r=g\",\"contentUrl\":\"https:\/\/secure.gravatar.com\/avatar\/49ffc3c94728e41d144376bfb69dc63cf12d7ac596c7307c49b6501a8722f166?s=96&d=identicon&r=g\",\"caption\":\"Diego Falabella\"},\"sameAs\":[\"https:\/\/reservai.ai\/blog\"],\"url\":\"https:\/\/reservai.ai\/blog\/author\/diego\/\"}]}<\/script>\n<!-- \/ Yoast SEO plugin. -->","yoast_head_json":{"title":"Fim da Escala 6x1:e o impacto para bares e restaurantes - Reserv.ai - Atendente de IA para Bares e Restaurantes | WhatsApp Autom\u00e1tico","description":"Fim da escala 6x1 obrigat\u00f3rio: Bares e restaurantes precisam de planejamento. O STF e a pejotiza\u00e7\u00e3o definem se as garantias da CLT valem.","robots":{"index":"index","follow":"follow","max-snippet":"max-snippet:-1","max-image-preview":"max-image-preview:large","max-video-preview":"max-video-preview:-1"},"canonical":"https:\/\/reservai.ai\/blog\/fim-da-escala-6x1-impactos-na-economia-e-no-setor-de-bares-e-restaurantes\/","og_locale":"pt_BR","og_type":"article","og_title":"Fim da Escala 6x1:e o impacto para bares e restaurantes - Reserv.ai - Atendente de IA para Bares e Restaurantes | WhatsApp Autom\u00e1tico","og_description":"Fim da escala 6x1 obrigat\u00f3rio: Bares e restaurantes precisam de planejamento. O STF e a pejotiza\u00e7\u00e3o definem se as garantias da CLT valem.","og_url":"https:\/\/reservai.ai\/blog\/fim-da-escala-6x1-impactos-na-economia-e-no-setor-de-bares-e-restaurantes\/","og_site_name":"Reserv.ai - Atendente de IA para Bares e Restaurantes | WhatsApp Autom\u00e1tico","article_publisher":"https:\/\/www.facebook.com\/profile.php?id=61584150668306#","article_published_time":"2025-12-18T16:22:14+00:00","article_modified_time":"2025-12-18T16:45:29+00:00","og_image":[{"width":1365,"height":768,"url":"https:\/\/reservai.ai\/blog\/wp-content\/uploads\/2025\/12\/fim-da-escala-6-x-1-para-bares-e-restaurantes.jpg","type":"image\/jpeg"}],"author":"Diego Falabella","twitter_card":"summary_large_image","twitter_misc":{"Escrito por":"Diego Falabella","Est. tempo de leitura":"5 minutos"},"schema":{"@context":"https:\/\/schema.org","@graph":[{"@type":"Article","@id":"https:\/\/reservai.ai\/blog\/fim-da-escala-6x1-impactos-na-economia-e-no-setor-de-bares-e-restaurantes\/#article","isPartOf":{"@id":"https:\/\/reservai.ai\/blog\/fim-da-escala-6x1-impactos-na-economia-e-no-setor-de-bares-e-restaurantes\/"},"author":{"name":"Diego Falabella","@id":"https:\/\/reservai.ai\/blog\/#\/schema\/person\/d29e6b12a806513fec385dde71c72a4a"},"headline":"Fim da Escala 6&#215;1:e o impacto para bares e restaurantes","datePublished":"2025-12-18T16:22:14+00:00","dateModified":"2025-12-18T16:45:29+00:00","mainEntityOfPage":{"@id":"https:\/\/reservai.ai\/blog\/fim-da-escala-6x1-impactos-na-economia-e-no-setor-de-bares-e-restaurantes\/"},"wordCount":833,"commentCount":0,"publisher":{"@id":"https:\/\/reservai.ai\/blog\/#organization"},"image":{"@id":"https:\/\/reservai.ai\/blog\/fim-da-escala-6x1-impactos-na-economia-e-no-setor-de-bares-e-restaurantes\/#primaryimage"},"thumbnailUrl":"https:\/\/reservai.ai\/blog\/wp-content\/uploads\/2025\/12\/fim-da-escala-6-x-1-para-bares-e-restaurantes.jpg","keywords":["atendimento via WhatsApp","automa\u00e7\u00e3o de atendimento","chatbot para restaurantes","IA no atendimento ao cliente","intelig\u00eancia artificial para restaurantes"],"articleSection":["Bares e Restaurantes"],"inLanguage":"pt-BR","potentialAction":[{"@type":"CommentAction","name":"Comment","target":["https:\/\/reservai.ai\/blog\/fim-da-escala-6x1-impactos-na-economia-e-no-setor-de-bares-e-restaurantes\/#respond"]}]},{"@type":"WebPage","@id":"https:\/\/reservai.ai\/blog\/fim-da-escala-6x1-impactos-na-economia-e-no-setor-de-bares-e-restaurantes\/","url":"https:\/\/reservai.ai\/blog\/fim-da-escala-6x1-impactos-na-economia-e-no-setor-de-bares-e-restaurantes\/","name":"Fim da Escala 6x1:e o impacto para bares e restaurantes - Reserv.ai - Atendente de IA para Bares e Restaurantes | WhatsApp Autom\u00e1tico","isPartOf":{"@id":"https:\/\/reservai.ai\/blog\/#website"},"primaryImageOfPage":{"@id":"https:\/\/reservai.ai\/blog\/fim-da-escala-6x1-impactos-na-economia-e-no-setor-de-bares-e-restaurantes\/#primaryimage"},"image":{"@id":"https:\/\/reservai.ai\/blog\/fim-da-escala-6x1-impactos-na-economia-e-no-setor-de-bares-e-restaurantes\/#primaryimage"},"thumbnailUrl":"https:\/\/reservai.ai\/blog\/wp-content\/uploads\/2025\/12\/fim-da-escala-6-x-1-para-bares-e-restaurantes.jpg","datePublished":"2025-12-18T16:22:14+00:00","dateModified":"2025-12-18T16:45:29+00:00","description":"Fim da escala 6x1 obrigat\u00f3rio: Bares e restaurantes precisam de planejamento. O STF e a pejotiza\u00e7\u00e3o definem se as garantias da CLT valem.","breadcrumb":{"@id":"https:\/\/reservai.ai\/blog\/fim-da-escala-6x1-impactos-na-economia-e-no-setor-de-bares-e-restaurantes\/#breadcrumb"},"inLanguage":"pt-BR","potentialAction":[{"@type":"ReadAction","target":["https:\/\/reservai.ai\/blog\/fim-da-escala-6x1-impactos-na-economia-e-no-setor-de-bares-e-restaurantes\/"]}]},{"@type":"ImageObject","inLanguage":"pt-BR","@id":"https:\/\/reservai.ai\/blog\/fim-da-escala-6x1-impactos-na-economia-e-no-setor-de-bares-e-restaurantes\/#primaryimage","url":"https:\/\/reservai.ai\/blog\/wp-content\/uploads\/2025\/12\/fim-da-escala-6-x-1-para-bares-e-restaurantes.jpg","contentUrl":"https:\/\/reservai.ai\/blog\/wp-content\/uploads\/2025\/12\/fim-da-escala-6-x-1-para-bares-e-restaurantes.jpg","width":1365,"height":768},{"@type":"BreadcrumbList","@id":"https:\/\/reservai.ai\/blog\/fim-da-escala-6x1-impactos-na-economia-e-no-setor-de-bares-e-restaurantes\/#breadcrumb","itemListElement":[{"@type":"ListItem","position":1,"name":"In\u00edcio","item":"https:\/\/reservai.ai\/blog\/"},{"@type":"ListItem","position":2,"name":"Fim da Escala 6&#215;1:e o impacto para bares e restaurantes"}]},{"@type":"WebSite","@id":"https:\/\/reservai.ai\/blog\/#website","url":"https:\/\/reservai.ai\/blog\/","name":"Reserv.ai - Atendente de IA para Bares e Restaurantes | WhatsApp Autom\u00e1tico","description":"","publisher":{"@id":"https:\/\/reservai.ai\/blog\/#organization"},"potentialAction":[{"@type":"SearchAction","target":{"@type":"EntryPoint","urlTemplate":"https:\/\/reservai.ai\/blog\/?s={search_term_string}"},"query-input":{"@type":"PropertyValueSpecification","valueRequired":true,"valueName":"search_term_string"}}],"inLanguage":"pt-BR"},{"@type":"Organization","@id":"https:\/\/reservai.ai\/blog\/#organization","name":"Reserv.ai - Atendente de IA para Bares e Restaurantes | WhatsApp Autom\u00e1tico","url":"https:\/\/reservai.ai\/blog\/","logo":{"@type":"ImageObject","inLanguage":"pt-BR","@id":"https:\/\/reservai.ai\/blog\/#\/schema\/logo\/image\/","url":"https:\/\/reservai.ai\/blog\/wp-content\/uploads\/2025\/12\/cropped-1761764321854-reservai-logo.png","contentUrl":"https:\/\/reservai.ai\/blog\/wp-content\/uploads\/2025\/12\/cropped-1761764321854-reservai-logo.png","width":1024,"height":341,"caption":"Reserv.ai - Atendente de IA para Bares e Restaurantes | WhatsApp Autom\u00e1tico"},"image":{"@id":"https:\/\/reservai.ai\/blog\/#\/schema\/logo\/image\/"},"sameAs":["https:\/\/www.facebook.com\/profile.php?id=61584150668306#","https:\/\/www.instagram.com\/reserv.ai\/"]},{"@type":"Person","@id":"https:\/\/reservai.ai\/blog\/#\/schema\/person\/d29e6b12a806513fec385dde71c72a4a","name":"Diego Falabella","image":{"@type":"ImageObject","inLanguage":"pt-BR","@id":"https:\/\/reservai.ai\/blog\/#\/schema\/person\/image\/","url":"https:\/\/secure.gravatar.com\/avatar\/49ffc3c94728e41d144376bfb69dc63cf12d7ac596c7307c49b6501a8722f166?s=96&d=identicon&r=g","contentUrl":"https:\/\/secure.gravatar.com\/avatar\/49ffc3c94728e41d144376bfb69dc63cf12d7ac596c7307c49b6501a8722f166?s=96&d=identicon&r=g","caption":"Diego Falabella"},"sameAs":["https:\/\/reservai.ai\/blog"],"url":"https:\/\/reservai.ai\/blog\/author\/diego\/"}]}},"_links":{"self":[{"href":"https:\/\/reservai.ai\/blog\/wp-json\/wp\/v2\/posts\/104","targetHints":{"allow":["GET"]}}],"collection":[{"href":"https:\/\/reservai.ai\/blog\/wp-json\/wp\/v2\/posts"}],"about":[{"href":"https:\/\/reservai.ai\/blog\/wp-json\/wp\/v2\/types\/post"}],"author":[{"embeddable":true,"href":"https:\/\/reservai.ai\/blog\/wp-json\/wp\/v2\/users\/1"}],"replies":[{"embeddable":true,"href":"https:\/\/reservai.ai\/blog\/wp-json\/wp\/v2\/comments?post=104"}],"version-history":[{"count":2,"href":"https:\/\/reservai.ai\/blog\/wp-json\/wp\/v2\/posts\/104\/revisions"}],"predecessor-version":[{"id":109,"href":"https:\/\/reservai.ai\/blog\/wp-json\/wp\/v2\/posts\/104\/revisions\/109"}],"wp:featuredmedia":[{"embeddable":true,"href":"https:\/\/reservai.ai\/blog\/wp-json\/wp\/v2\/media\/106"}],"wp:attachment":[{"href":"https:\/\/reservai.ai\/blog\/wp-json\/wp\/v2\/media?parent=104"}],"wp:term":[{"taxonomy":"category","embeddable":true,"href":"https:\/\/reservai.ai\/blog\/wp-json\/wp\/v2\/categories?post=104"},{"taxonomy":"post_tag","embeddable":true,"href":"https:\/\/reservai.ai\/blog\/wp-json\/wp\/v2\/tags?post=104"}],"curies":[{"name":"wp","href":"https:\/\/api.w.org\/{rel}","templated":true}]}}